{"id":6304,"date":"2019-12-06T07:53:45","date_gmt":"2019-12-06T06:53:45","guid":{"rendered":"http:\/\/www.bksavez.net\/?p=6304"},"modified":"2019-12-06T07:54:52","modified_gmt":"2019-12-06T06:54:52","slug":"sudijske-clanarine-3","status":"publish","type":"post","link":"http:\/\/www.bksavez.net\/?p=6304","title":{"rendered":"Sudijske \u010dlanarine"},"content":{"rendered":"\n<p>U skladu sa&nbsp;&nbsp; Statutom BKS-a&nbsp; i Skup\u0161tinskim ovla\u0161tenjima&nbsp; donosim:<\/p>\n\n\n\n<h3><strong>Odluku o roku pla\u0107anja sudijske \u010dlanarine<br>za kinolo\u0161ke sudije \u010dlanove BKS-a<\/strong><\/h3>\n\n\n\n<ol><li>Sve kinolo\u0161ke sudije koji \u017eele biti na sudijskoj listi BKS-a za 2020. du\u017eni su, najkasnije do <strong>20. 12. 2019. god<\/strong>. izvr\u0161iti uplatu sudijske \u010dlanarine, u iznosu <strong>50,00KM<\/strong>.<\/li><li>Od pla\u010danja \u010dlanarine oslobodjene su sudije nagra\u0111eni od strane Skup\u0161tine BKS-a.<\/li><li>Sudije koje ne uplate \u010dlanarinu u skladu sa ta\u010dkom 1 ove Odluke ne\u010de mo\u0107i naknadno biti uvr\u0161teni na sudijsku listu BKS-a i ne\u010de mo\u0107i biti anga\u017eovani tokom 2020 godine na kinolo\u0161kim manifestacijamau organizaciji BKS, KSuBiH.<\/li><\/ol>\n\n\n\n<p>Ova Odluka stupa na snagu danom dono\u0161enja i bi\u010de objavljena na zvani\u010dnom web site BKS.<\/p>\n\n\n\n<p><strong>Sarajevo 5. 12. 2019.<br>Refet Had\u017ei\u0107, Generalni sekretar BKS-a<\/strong><\/p>\n","protected":false},"excerpt":{"rendered":"<p>U skladu sa&nbsp;&nbsp; Statutom BKS-a&nbsp; i Skup\u0161tinskim ovla\u0161tenjima&nbsp; donosim: Odluku o roku pla\u0107anja sudijske \u010dlanarineza kinolo\u0161ke sudije \u010dlanove BKS-a Sve kinolo\u0161ke sudije koji \u017eele biti na sudijskoj listi BKS-a za 2020. du\u017eni su, najkasnije do 20. 12. 2019. god. izvr\u0161iti uplatu sudijske \u010dlanarine, u iznosu 50,00KM. Od pla\u010danja \u010dlanarine oslobodjene su sudije nagra\u0111eni od strane Skup\u0161tine BKS-a. Sudije koje ne uplate \u010dlanarinu u skladu sa ta\u010dkom 1 ove Odluke ne\u010de mo\u0107i naknadno biti uvr\u0161teni na sudijsku listu BKS-a i ne\u010de mo\u0107i biti anga\u017eovani tokom 2020 godine na kinolo\u0161kim manifestacijamau organizaciji BKS, KSuBiH. Ova Odluka stupa na snagu danom dono\u0161enja i bi\u010de objavljena na zvani\u010dnom web site BKS. Sarajevo 5. 12. 2019.Refet Had\u017ei\u0107, Generalni sekretar BKS-a<\/p>\n","protected":false},"author":1,"featured_media":4583,"comment_status":"closed","ping_status":"closed","sticky":false,"template":"","format":"standard","meta":[],"categories":[39],"tags":[],"_links":{"self":[{"href":"http:\/\/www.bksavez.net\/index.php?rest_route=\/wp\/v2\/posts\/6304"}],"collection":[{"href":"http:\/\/www.bksavez.net\/index.php?rest_route=\/wp\/v2\/posts"}],"about":[{"href":"http:\/\/www.bksavez.net\/index.php?rest_route=\/wp\/v2\/types\/post"}],"author":[{"embeddable":true,"href":"http:\/\/www.bksavez.net\/index.php?rest_route=\/wp\/v2\/users\/1"}],"replies":[{"embeddable":true,"href":"http:\/\/www.bksavez.net\/index.php?rest_route=%2Fwp%2Fv2%2Fcomments&post=6304"}],"version-history":[{"count":1,"href":"http:\/\/www.bksavez.net\/index.php?rest_route=\/wp\/v2\/posts\/6304\/revisions"}],"predecessor-version":[{"id":6305,"href":"http:\/\/www.bksavez.net\/index.php?rest_route=\/wp\/v2\/posts\/6304\/revisions\/6305"}],"wp:featuredmedia":[{"embeddable":true,"href":"http:\/\/www.bksavez.net\/index.php?rest_route=\/wp\/v2\/media\/4583"}],"wp:attachment":[{"href":"http:\/\/www.bksavez.net\/index.php?rest_route=%2Fwp%2Fv2%2Fmedia&parent=6304"}],"wp:term":[{"taxonomy":"category","embeddable":true,"href":"http:\/\/www.bksavez.net\/index.php?rest_route=%2Fwp%2Fv2%2Fcategories&post=6304"},{"taxonomy":"post_tag","embeddable":true,"href":"http:\/\/www.bksavez.net\/index.php?rest_route=%2Fwp%2Fv2%2Ftags&post=6304"}],"curies":[{"name":"wp","href":"https:\/\/api.w.org\/{rel}","templated":true}]}}