{"id":6716,"date":"2023-02-13T10:41:15","date_gmt":"2023-02-13T09:41:15","guid":{"rendered":"http:\/\/www.bksavez.net\/?p=6716"},"modified":"2023-02-13T10:41:16","modified_gmt":"2023-02-13T09:41:16","slug":"obavijest-za-klubove-udruzenja-clanice-bksa","status":"publish","type":"post","link":"http:\/\/www.bksavez.net\/?p=6716","title":{"rendered":"Obavijest za klubove, udru\u017eenja, \u010dlanice BKSa"},"content":{"rendered":"\n<p>&nbsp;U skladu sa Odlukom&nbsp;&nbsp;Upravnog Odbora KSuBiH donosim&nbsp;<\/p>\n\n\n\n<p class=\"has-text-align-center\">\u00a0Odluku<\/p>\n\n\n\n<p>1.&nbsp;&nbsp;Obavezuju&nbsp;&nbsp;se svi klubovi, udru\u017eenja, \u010dlanice BKSa, da najkasnije do 10. 03. 2023. godine dostave:<\/p>\n\n\n\n<ul><li>potvrdu Apifa o predatom zavr\u0161nom ra\u010dunu za 2022 godinu<\/li><li>izjavu o odr\u017eanoj skup\u0161tini&nbsp;&nbsp;kluba, udru\u017eenja za 2022 potpisanu od predsjednika skup\u0161tine<\/li><li>izjavu o imenu&nbsp;&nbsp;lica koje predstavlja klub, udru\u017eenje i&nbsp;&nbsp;datum do kojeg&nbsp;&nbsp;je to lice ovla\u0161teno da predstavlja klub, udru\u017eenje.<\/li><\/ul>\n\n\n\n<p>2. Klubovi, udru\u017eenja koja ne postupe u skladu sa ta\u010dkom 1 .ove odluke bi\u0107e brisana iz \u010dlanstva BKSa<\/p>\n\n\n\n<p>3. Odluka stupa na snagu danom dono\u0161enja.<\/p>\n\n\n\n<p>Sarajevo 13.03.2023&nbsp;&nbsp;&nbsp;&nbsp;&nbsp;&nbsp;&nbsp;&nbsp;&nbsp;&nbsp;&nbsp;&nbsp;&nbsp;&nbsp;&nbsp;&nbsp;&nbsp;&nbsp;&nbsp;&nbsp;&nbsp;&nbsp;&nbsp;&nbsp;&nbsp;&nbsp;&nbsp;&nbsp;&nbsp;&nbsp;&nbsp;&nbsp;&nbsp;&nbsp;&nbsp;&nbsp;&nbsp;&nbsp;&nbsp;&nbsp;&nbsp;&nbsp;&nbsp;&nbsp;&nbsp;&nbsp;&nbsp;&nbsp;&nbsp;&nbsp;Refet Had\u017ei\u0107, generalni sekretar BKSa<\/p>\n","protected":false},"excerpt":{"rendered":"<p>&nbsp;U skladu sa Odlukom&nbsp;&nbsp;Upravnog Odbora KSuBiH donosim&nbsp; \u00a0Odluku 1.&nbsp;&nbsp;Obavezuju&nbsp;&nbsp;se svi klubovi, udru\u017eenja, \u010dlanice BKSa, da najkasnije do 10. 03. 2023. godine dostave: potvrdu Apifa o predatom zavr\u0161nom ra\u010dunu za 2022 godinu izjavu o odr\u017eanoj skup\u0161tini&nbsp;&nbsp;kluba, udru\u017eenja za 2022 potpisanu od predsjednika skup\u0161tine izjavu o imenu&nbsp;&nbsp;lica koje predstavlja klub, udru\u017eenje i&nbsp;&nbsp;datum do kojeg&nbsp;&nbsp;je to lice ovla\u0161teno da predstavlja klub, udru\u017eenje. 2. Klubovi, udru\u017eenja koja ne postupe u skladu sa ta\u010dkom 1 .ove odluke bi\u0107e brisana iz \u010dlanstva BKSa 3. Odluka stupa na snagu danom dono\u0161enja. Sarajevo 13.03.2023&nbsp;&nbsp;&nbsp;&nbsp;&nbsp;&nbsp;&nbsp;&nbsp;&nbsp;&nbsp;&nbsp;&nbsp;&nbsp;&nbsp;&nbsp;&nbsp;&nbsp;&nbsp;&nbsp;&nbsp;&nbsp;&nbsp;&nbsp;&nbsp;&nbsp;&nbsp;&nbsp;&nbsp;&nbsp;&nbsp;&nbsp;&nbsp;&nbsp;&nbsp;&nbsp;&nbsp;&nbsp;&nbsp;&nbsp;&nbsp;&nbsp;&nbsp;&nbsp;&nbsp;&nbsp;&nbsp;&nbsp;&nbsp;&nbsp;&nbsp;Refet Had\u017ei\u0107, generalni sekretar BKSa<\/p>\n","protected":false},"author":1,"featured_media":4583,"comment_status":"closed","ping_status":"closed","sticky":false,"template":"","format":"standard","meta":[],"categories":[39],"tags":[],"_links":{"self":[{"href":"http:\/\/www.bksavez.net\/index.php?rest_route=\/wp\/v2\/posts\/6716"}],"collection":[{"href":"http:\/\/www.bksavez.net\/index.php?rest_route=\/wp\/v2\/posts"}],"about":[{"href":"http:\/\/www.bksavez.net\/index.php?rest_route=\/wp\/v2\/types\/post"}],"author":[{"embeddable":true,"href":"http:\/\/www.bksavez.net\/index.php?rest_route=\/wp\/v2\/users\/1"}],"replies":[{"embeddable":true,"href":"http:\/\/www.bksavez.net\/index.php?rest_route=%2Fwp%2Fv2%2Fcomments&post=6716"}],"version-history":[{"count":1,"href":"http:\/\/www.bksavez.net\/index.php?rest_route=\/wp\/v2\/posts\/6716\/revisions"}],"predecessor-version":[{"id":6717,"href":"http:\/\/www.bksavez.net\/index.php?rest_route=\/wp\/v2\/posts\/6716\/revisions\/6717"}],"wp:featuredmedia":[{"embeddable":true,"href":"http:\/\/www.bksavez.net\/index.php?rest_route=\/wp\/v2\/media\/4583"}],"wp:attachment":[{"href":"http:\/\/www.bksavez.net\/index.php?rest_route=%2Fwp%2Fv2%2Fmedia&parent=6716"}],"wp:term":[{"taxonomy":"category","embeddable":true,"href":"http:\/\/www.bksavez.net\/index.php?rest_route=%2Fwp%2Fv2%2Fcategories&post=6716"},{"taxonomy":"post_tag","embeddable":true,"href":"http:\/\/www.bksavez.net\/index.php?rest_route=%2Fwp%2Fv2%2Ftags&post=6716"}],"curies":[{"name":"wp","href":"https:\/\/api.w.org\/{rel}","templated":true}]}}